{"id":593,"date":"2025-04-06T18:20:26","date_gmt":"2025-04-06T16:20:26","guid":{"rendered":"https:\/\/shs-ev.de\/?p=593"},"modified":"2025-04-06T18:25:18","modified_gmt":"2025-04-06T16:25:18","slug":"ansegeln-2025","status":"publish","type":"post","link":"https:\/\/shs-ev.de\/index.php\/2025\/04\/06\/ansegeln-2025\/","title":{"rendered":"Ansegeln 2025"},"content":{"rendered":"<p><strong><a href=\"https:\/\/shs-ev.de\/wp-content\/uploads\/2024\/10\/image0.jpeg\"><img loading=\"lazy\" decoding=\"async\" class=\"alignright size-thumbnail wp-image-417\" src=\"https:\/\/shs-ev.de\/wp-content\/uploads\/2024\/10\/image0-150x150.jpeg\" alt=\"\" width=\"150\" height=\"150\" srcset=\"https:\/\/shs-ev.de\/wp-content\/uploads\/2024\/10\/image0-150x150.jpeg 150w, https:\/\/shs-ev.de\/wp-content\/uploads\/2024\/10\/image0-88x88.jpeg 88w\" sizes=\"auto, (max-width: 150px) 100vw, 150px\" \/><\/a>Liebe Mitglieder,<\/strong><\/p>\n<p>seit Tagen scheint die Sonne, die B\u00e4ume wagen es, ihre bunten Bl\u00fcten an die Luft zu lassen. Der Fr\u00fchling ist wieder da. Der eisige Nordwind erinnert uns daran, dass noch etwas Zeit ist, bevor die Saison beginnt. Aus dem Keller duftet es nach Lack, Antifouling tropft auf die Arbeitshose. Es kribbelt trotz des eisigen Nordwindes in den Beinen, wenn wir im Winterlager am Unterwasserschiff pinseln. Bald geht es los.<\/p>\n<p>Am <strong>1. Mai 2025<\/strong> wird es im Hafen wieder lebhaft. Wir wollen Ansegeln.<\/p>\n<p>Wir treffen uns <strong>um 11:00 Uhr<\/strong> am Flaggenmast und ziehen unter Tr\u00f6ten die Flaggen hoch.<\/p>\n<p>Anschlie\u00dfend segeln wir fr\u00f6hlich auf der F\u00f6rde herum und finden uns <strong>ab ca. 16:30 Uhr<\/strong> zum leckeren <strong>Grillen<\/strong> ein.<\/p>\n<div>\n<p>Salat, Beilagen und Nachtisch f\u00fcr das B\u00fcffet sind herzlich willkommen.<\/p>\n<\/div>\n<div><\/div>\n<div>\n<p>Wir freuen uns auf euch!!<\/p>\n<p>Bis dahin frohes Malen,<\/p>\n<p>Eurer Vorstand<\/p>\n<\/div>\n<p>&#8211;&gt;&gt;&gt;&gt; <a href=\"https:\/\/shs-ev.de\/index.php\/kontakt\/anmeldung\/\">Anmeldung<\/a><\/p>\n","protected":false},"excerpt":{"rendered":"<p>Liebe Mitglieder, seit Tagen scheint die Sonne, die B\u00e4ume wagen es, ihre bunten Bl\u00fcten an die Luft zu lassen. Der Fr\u00fchling ist wieder da. Der eisige Nordwind erinnert uns daran, [&hellip;]<\/p>\n","protected":false},"author":1,"featured_media":0,"comment_status":"open","ping_status":"open","sticky":false,"template":"","format":"standard","meta":{"_jetpack_memberships_contains_paid_content":false,"footnotes":""},"categories":[35],"tags":[],"class_list":["post-593","post","type-post","status-publish","format-standard","hentry","category-anschippern"],"jetpack_featured_media_url":"","jetpack_sharing_enabled":true,"_links":{"self":[{"href":"https:\/\/shs-ev.de\/index.php\/wp-json\/wp\/v2\/posts\/593","targetHints":{"allow":["GET"]}}],"collection":[{"href":"https:\/\/shs-ev.de\/index.php\/wp-json\/wp\/v2\/posts"}],"about":[{"href":"https:\/\/shs-ev.de\/index.php\/wp-json\/wp\/v2\/types\/post"}],"author":[{"embeddable":true,"href":"https:\/\/shs-ev.de\/index.php\/wp-json\/wp\/v2\/users\/1"}],"replies":[{"embeddable":true,"href":"https:\/\/shs-ev.de\/index.php\/wp-json\/wp\/v2\/comments?post=593"}],"version-history":[{"count":11,"href":"https:\/\/shs-ev.de\/index.php\/wp-json\/wp\/v2\/posts\/593\/revisions"}],"predecessor-version":[{"id":604,"href":"https:\/\/shs-ev.de\/index.php\/wp-json\/wp\/v2\/posts\/593\/revisions\/604"}],"wp:attachment":[{"href":"https:\/\/shs-ev.de\/index.php\/wp-json\/wp\/v2\/media?parent=593"}],"wp:term":[{"taxonomy":"category","embeddable":true,"href":"https:\/\/shs-ev.de\/index.php\/wp-json\/wp\/v2\/categories?post=593"},{"taxonomy":"post_tag","embeddable":true,"href":"https:\/\/shs-ev.de\/index.php\/wp-json\/wp\/v2\/tags?post=593"}],"curies":[{"name":"wp","href":"https:\/\/api.w.org\/{rel}","templated":true}]}}